{"id":763,"date":"2020-11-03T09:35:38","date_gmt":"2020-11-03T08:35:38","guid":{"rendered":"http:\/\/www.lapeniche.biz\/la-peniche-slow-food-cafe\/?p=763"},"modified":"2020-11-03T10:04:24","modified_gmt":"2020-11-03T09:04:24","slug":"grand-regret-fermeture-deuxieme-cette-annee-lidee-cest-de-continuer-a-avancer-y-croire-malgre-lisolement-vigilants-retrouvions-plus-vite-durab","status":"publish","type":"post","link":"https:\/\/www.lapeniche.biz\/la-peniche-slow-food-cafe\/2020\/11\/03\/grand-regret-fermeture-deuxieme-cette-annee-lidee-cest-de-continuer-a-avancer-y-croire-malgre-lisolement-vigilants-retrouvions-plus-vite-durab\/","title":{"rendered":"AVEC GRAND REGRET : FERMETURE EXCEPTIONNELLE JUSQU&rsquo;A&#8230;?"},"content":{"rendered":"<p>Le virus circule et nous devons faire notre possible pour que les plus faibles ne l&rsquo;attrapent pas en attendant une solution th\u00e9rapeutique.<br \/>\nMais l&rsquo;id\u00e9e c&rsquo;est de continuer \u00e0 avancer, y croire!!! Malgr\u00e9 l&rsquo;isolement, soyez vigilants, pour que nous retrouvions au plus vite et durablement nos libert\u00e9s \ud83d\ude42<\/p>\n","protected":false},"excerpt":{"rendered":"<p>Le virus circule et nous devons faire notre possible pour que les plus faibles ne l&rsquo;attrapent pas en attendant une solution th\u00e9rapeutique. Mais l&rsquo;id\u00e9e c&rsquo;est de continuer \u00e0 avancer, y croire!!! Malgr\u00e9 l&rsquo;isolement, soyez vigilants, pour que nous retrouvions au plus vite et durablement nos libert\u00e9s \ud83d\ude42<\/p>\n","protected":false},"author":4,"featured_media":0,"comment_status":"open","ping_status":"open","sticky":false,"template":"","format":"standard","meta":{"_et_pb_use_builder":"","_et_pb_old_content":"","_et_gb_content_width":"","footnotes":""},"categories":[1],"tags":[],"class_list":["post-763","post","type-post","status-publish","format-standard","hentry","category-non-classe"],"_links":{"self":[{"href":"https:\/\/www.lapeniche.biz\/la-peniche-slow-food-cafe\/wp-json\/wp\/v2\/posts\/763","targetHints":{"allow":["GET"]}}],"collection":[{"href":"https:\/\/www.lapeniche.biz\/la-peniche-slow-food-cafe\/wp-json\/wp\/v2\/posts"}],"about":[{"href":"https:\/\/www.lapeniche.biz\/la-peniche-slow-food-cafe\/wp-json\/wp\/v2\/types\/post"}],"author":[{"embeddable":true,"href":"https:\/\/www.lapeniche.biz\/la-peniche-slow-food-cafe\/wp-json\/wp\/v2\/users\/4"}],"replies":[{"embeddable":true,"href":"https:\/\/www.lapeniche.biz\/la-peniche-slow-food-cafe\/wp-json\/wp\/v2\/comments?post=763"}],"version-history":[{"count":5,"href":"https:\/\/www.lapeniche.biz\/la-peniche-slow-food-cafe\/wp-json\/wp\/v2\/posts\/763\/revisions"}],"predecessor-version":[{"id":772,"href":"https:\/\/www.lapeniche.biz\/la-peniche-slow-food-cafe\/wp-json\/wp\/v2\/posts\/763\/revisions\/772"}],"wp:attachment":[{"href":"https:\/\/www.lapeniche.biz\/la-peniche-slow-food-cafe\/wp-json\/wp\/v2\/media?parent=763"}],"wp:term":[{"taxonomy":"category","embeddable":true,"href":"https:\/\/www.lapeniche.biz\/la-peniche-slow-food-cafe\/wp-json\/wp\/v2\/categories?post=763"},{"taxonomy":"post_tag","embeddable":true,"href":"https:\/\/www.lapeniche.biz\/la-peniche-slow-food-cafe\/wp-json\/wp\/v2\/tags?post=763"}],"curies":[{"name":"wp","href":"https:\/\/api.w.org\/{rel}","templated":true}]}}